{"id":204,"date":"2017-06-09T21:24:55","date_gmt":"2017-06-09T19:24:55","guid":{"rendered":"https:\/\/weberruss.com\/?p=204"},"modified":"2023-05-26T16:11:13","modified_gmt":"2023-05-26T14:11:13","slug":"eine-mini-publikation-ueber-stoerfaelle-in-deutschen-atomkraftwerken","status":"publish","type":"post","link":"https:\/\/weberruss.com\/de\/eine-mini-publikation-ueber-stoerfaelle-in-deutschen-atomkraftwerken\/","title":{"rendered":"St\u00f6rf\u00e4lle in deutschen Atomkraftwerken 1987\u20142009"},"content":{"rendered":"","protected":false},"excerpt":{"rendered":"","protected":false},"author":1,"featured_media":210,"comment_status":"closed","ping_status":"closed","sticky":false,"template":"","format":"standard","meta":{"inline_featured_image":false},"categories":[3],"tags":[],"class_list":["post-204","post","type-post","status-publish","has-post-thumbnail","hentry","category-editorial"],"aioseo_notices":[],"grid":"{\r\n  \"colCount\": 12,\r\n  \"colGutter\": 16,\r\n  \"rowGutters\": [\r\n    32,\r\n    32,\r\n    16,\r\n    16\r\n  ],\r\n  \"frameMargin\": 2,\r\n  \"leftFrameMargin\": 24,\r\n  \"rightFrameMargin\": 24,\r\n  \"topFrameMargin\": 0,\r\n  \"bottomFrameMargin\": 32,\r\n  \"rowAttrs\": [\r\n    {\r\n      \"bgimage\": {\r\n        \"attid\": 206,\r\n        \"url\": \"\/wp-content\/uploads\/2017\/06\/2012_stoerfaelle_in_de_akw_02-scaled.jpg\",\r\n        \"sizes\": {\r\n          \"_1920\": {\r\n            \"w\": 1920,\r\n            \"h\": 1280,\r\n            \"url\": \"\/wp-content\/uploads\/2017\/06\/2012_stoerfaelle_in_de_akw_02-scaled-1920x1280.jpg\"\r\n          },\r\n          \"_1280\": {\r\n            \"w\": 1280,\r\n            \"h\": 854,\r\n            \"url\": \"\/wp-content\/uploads\/2017\/06\/2012_stoerfaelle_in_de_akw_02-scaled-1280x854.jpg\"\r\n          },\r\n          \"_1024\": {\r\n            \"w\": 1024,\r\n            \"h\": 683,\r\n            \"url\": \"\/wp-content\/uploads\/2017\/06\/2012_stoerfaelle_in_de_akw_02-scaled-1024x683.jpg\"\r\n          },\r\n          \"_768\": {\r\n            \"w\": 768,\r\n            \"h\": 512,\r\n            \"url\": \"\/wp-content\/uploads\/2017\/06\/2012_stoerfaelle_in_de_akw_02-scaled-768x512.jpg\"\r\n          },\r\n          \"_512\": {\r\n            \"w\": 512,\r\n            \"h\": 341,\r\n            \"url\": \"\/wp-content\/uploads\/2017\/06\/2012_stoerfaelle_in_de_akw_02-scaled-512x341.jpg\"\r\n          },\r\n          \"_265\": {\r\n            \"w\": 265,\r\n            \"h\": 177,\r\n            \"url\": \"\/wp-content\/uploads\/2017\/06\/2012_stoerfaelle_in_de_akw_02-scaled-265x177.jpg\"\r\n          }\r\n        }\r\n      },\r\n      \"row100vh\": true,\r\n      \"rowcustomheight\": \"\",\r\n      \"relid\": 1\r\n    },\r\n    {\r\n      \"relid\": 2\r\n    },\r\n    {\r\n      \"relid\": 3\r\n    },\r\n    {\r\n      \"relid\": 5\r\n    },\r\n    {\r\n      \"relid\": 6\r\n    }\r\n  ],\r\n  \"bgColor\": null,\r\n  \"cont\": [\r\n    {\r\n      \"type\": \"text\",\r\n      \"cont\": \"<p class=\\\"_Large\\\">St\u00f6rf\u00e4lle in deutschen Atomkraftwerken 1987\u20142009<br \/>Eine Mini-Publikation \u00fcber St\u00f6rf\u00e4lle in deutschen Atomkraftwerken<\/p>\",\r\n      \"align\": \"top\",\r\n      \"row\": 1,\r\n      \"col\": 0,\r\n      \"colspan\": 10,\r\n      \"offsetx\": 0,\r\n      \"offsety\": 0,\r\n      \"spaceabove\": 0,\r\n      \"spacebelow\": 0,\r\n      \"yvel\": 1,\r\n      \"push\": 0,\r\n      \"relid\": 21,\r\n      \"absolute_position\": false\r\n    },\r\n    {\r\n      \"type\": \"img\",\r\n      \"cont\": \"\/wp-content\/uploads\/2017\/06\/2012_stoerfaelle_in_de_akw_04-scaled.jpg\",\r\n      \"align\": \"bottom\",\r\n      \"row\": 2,\r\n      \"col\": 0,\r\n      \"colspan\": 12,\r\n      \"offsetx\": 0,\r\n      \"offsety\": 0,\r\n      \"spaceabove\": 0,\r\n      \"spacebelow\": 0,\r\n      \"yvel\": 1,\r\n      \"push\": 0,\r\n      \"relid\": 1878,\r\n      \"attid\": 208,\r\n      \"sizes\": {\r\n        \"full\": \"\/wp-content\/uploads\/2017\/06\/2012_stoerfaelle_in_de_akw_04-scaled.jpg\",\r\n        \"_1920\": \"\/wp-content\/uploads\/2017\/06\/2012_stoerfaelle_in_de_akw_04-scaled-1920x1280.jpg\",\r\n        \"_1280\": \"\/wp-content\/uploads\/2017\/06\/2012_stoerfaelle_in_de_akw_04-scaled-1280x854.jpg\",\r\n        \"_1024\": \"\/wp-content\/uploads\/2017\/06\/2012_stoerfaelle_in_de_akw_04-scaled-1024x683.jpg\",\r\n        \"_768\": \"\/wp-content\/uploads\/2017\/06\/2012_stoerfaelle_in_de_akw_04-scaled-768x512.jpg\",\r\n        \"_512\": \"\/wp-content\/uploads\/2017\/06\/2012_stoerfaelle_in_de_akw_04-scaled-512x341.jpg\",\r\n        \"_265\": \"\/wp-content\/uploads\/2017\/06\/2012_stoerfaelle_in_de_akw_04-scaled-265x177.jpg\"\r\n      },\r\n      \"w\": 2560,\r\n      \"h\": 1707,\r\n      \"ar\": 0.666796875,\r\n      \"alt\": \"\",\r\n      \"absolute_position\": false\r\n    },\r\n    {\r\n      \"type\": \"img\",\r\n      \"cont\": \"\/wp-content\/uploads\/2017\/06\/2012_stoerfaelle_in_de_akw_03-scaled.jpg\",\r\n      \"align\": \"middle\",\r\n      \"row\": 3,\r\n      \"col\": 0,\r\n      \"colspan\": 12,\r\n      \"offsetx\": 0,\r\n      \"offsety\": 0,\r\n      \"spaceabove\": 0,\r\n      \"spacebelow\": 0,\r\n      \"yvel\": 1,\r\n      \"push\": 0,\r\n      \"relid\": 1877,\r\n      \"attid\": 207,\r\n      \"sizes\": {\r\n        \"full\": \"\/wp-content\/uploads\/2017\/06\/2012_stoerfaelle_in_de_akw_03-scaled.jpg\",\r\n        \"_1920\": \"\/wp-content\/uploads\/2017\/06\/2012_stoerfaelle_in_de_akw_03-scaled-1920x1280.jpg\",\r\n        \"_1280\": \"\/wp-content\/uploads\/2017\/06\/2012_stoerfaelle_in_de_akw_03-scaled-1280x854.jpg\",\r\n        \"_1024\": \"\/wp-content\/uploads\/2017\/06\/2012_stoerfaelle_in_de_akw_03-scaled-1024x683.jpg\",\r\n        \"_768\": \"\/wp-content\/uploads\/2017\/06\/2012_stoerfaelle_in_de_akw_03-scaled-768x512.jpg\",\r\n        \"_512\": \"\/wp-content\/uploads\/2017\/06\/2012_stoerfaelle_in_de_akw_03-scaled-512x341.jpg\",\r\n        \"_265\": \"\/wp-content\/uploads\/2017\/06\/2012_stoerfaelle_in_de_akw_03-scaled-265x177.jpg\"\r\n      },\r\n      \"w\": 2560,\r\n      \"h\": 1707,\r\n      \"ar\": 0.666796875,\r\n      \"alt\": \"\",\r\n      \"absolute_position\": false\r\n    },\r\n    {\r\n      \"type\": \"text\",\r\n      \"cont\": \"<p class=\\\"_Copytext\\\">Eine Mini-Publikation \u00fcber St\u00f6rf\u00e4lle in deutschen Atomkraftwerken. Entstanden im Workshop mit Fraser Muggeridge w\u00e4hrend des After School Clubs 2012 an der HfG Offenbach, April 2012.<\/p>\",\r\n      \"align\": \"top\",\r\n      \"row\": 4,\r\n      \"col\": 0,\r\n      \"colspan\": 8,\r\n      \"offsetx\": 0,\r\n      \"offsety\": 0,\r\n      \"spaceabove\": 0,\r\n      \"spacebelow\": 0,\r\n      \"yvel\": 0,\r\n      \"push\": 0,\r\n      \"relid\": 4,\r\n      \"absolute_position\": false\r\n    }\r\n  ]\r\n}","phonegrid":"","_links":{"self":[{"href":"https:\/\/weberruss.com\/de\/wp-json\/wp\/v2\/posts\/204","targetHints":{"allow":["GET"]}}],"collection":[{"href":"https:\/\/weberruss.com\/de\/wp-json\/wp\/v2\/posts"}],"about":[{"href":"https:\/\/weberruss.com\/de\/wp-json\/wp\/v2\/types\/post"}],"author":[{"embeddable":true,"href":"https:\/\/weberruss.com\/de\/wp-json\/wp\/v2\/users\/1"}],"replies":[{"embeddable":true,"href":"https:\/\/weberruss.com\/de\/wp-json\/wp\/v2\/comments?post=204"}],"version-history":[{"count":0,"href":"https:\/\/weberruss.com\/de\/wp-json\/wp\/v2\/posts\/204\/revisions"}],"wp:featuredmedia":[{"embeddable":true,"href":"https:\/\/weberruss.com\/de\/wp-json\/wp\/v2\/media\/210"}],"wp:attachment":[{"href":"https:\/\/weberruss.com\/de\/wp-json\/wp\/v2\/media?parent=204"}],"wp:term":[{"taxonomy":"category","embeddable":true,"href":"https:\/\/weberruss.com\/de\/wp-json\/wp\/v2\/categories?post=204"},{"taxonomy":"post_tag","embeddable":true,"href":"https:\/\/weberruss.com\/de\/wp-json\/wp\/v2\/tags?post=204"}],"curies":[{"name":"wp","href":"https:\/\/api.w.org\/{rel}","templated":true}]}}